{"id":1301,"date":"2016-04-03T20:39:58","date_gmt":"2016-04-03T18:39:58","guid":{"rendered":"http:\/\/www.aikido-de-la-gatine.fr\/?p=1301"},"modified":"2023-09-28T12:48:01","modified_gmt":"2023-09-28T10:48:01","slug":"souvenir-du-stage-intergenerations-de-cognac","status":"publish","type":"post","link":"http:\/\/www.aikido-de-la-gatine.fr\/?p=1301","title":{"rendered":"Souvenir du stage interg\u00e9n\u00e9rations de Cognac"},"content":{"rendered":"<h4>Retour sur le stage interg\u00e9n\u00e9rations de Cognac<\/h4>\n<p>Le 17 janvier dernier, petits et grands se sont retrouv\u00e9s sur le tatami du dojo de Cognac pour pratiquer ensemble lors du d\u00e9sormais traditionnel stage interg\u00e9n\u00e9rations organis\u00e9 par le Comit\u00e9 D\u00e9partemental de Charente.<\/p>\n<p>Voici une petite vid\u00e9o pour revivre cet agr\u00e9able moment et pour donner envie aux absents de nous suivre lors du prochain stage.<\/p>\n<p><iframe loading=\"lazy\" width=\"640\" height=\"360\" src=\"https:\/\/www.youtube.com\/embed\/y0WBIW_UP4s?rel=0\" frameborder=\"0\" allowfullscreen><\/iframe><\/p>\n","protected":false},"excerpt":{"rendered":"<p>Retour sur le stage interg\u00e9n\u00e9rations de Cognac Le 17 janvier dernier, petits et grands se sont retrouv\u00e9s sur le tatami du dojo de Cognac pour pratiquer ensemble lors du d\u00e9sormais traditionnel stage interg\u00e9n\u00e9rations organis\u00e9 par le Comit\u00e9 D\u00e9partemental de Charente. Voici une petite vid\u00e9o pour revivre cet agr\u00e9able moment et pour donner envie aux absents &hellip; <a href=\"http:\/\/www.aikido-de-la-gatine.fr\/?p=1301\" class=\"more-link\">Continuer la lecture de <span class=\"screen-reader-text\">Souvenir du stage interg\u00e9n\u00e9rations de Cognac<\/span>  <span class=\"meta-nav\">&rarr;<\/span><\/a><\/p>\n","protected":false},"author":1,"featured_media":0,"comment_status":"closed","ping_status":"closed","sticky":false,"template":"","format":"standard","meta":{"footnotes":""},"categories":[25,19],"tags":[],"class_list":["post-1301","post","type-post","status-publish","format-standard","hentry","category-aikidojeunes","category-video"],"_links":{"self":[{"href":"http:\/\/www.aikido-de-la-gatine.fr\/index.php?rest_route=\/wp\/v2\/posts\/1301"}],"collection":[{"href":"http:\/\/www.aikido-de-la-gatine.fr\/index.php?rest_route=\/wp\/v2\/posts"}],"about":[{"href":"http:\/\/www.aikido-de-la-gatine.fr\/index.php?rest_route=\/wp\/v2\/types\/post"}],"author":[{"embeddable":true,"href":"http:\/\/www.aikido-de-la-gatine.fr\/index.php?rest_route=\/wp\/v2\/users\/1"}],"replies":[{"embeddable":true,"href":"http:\/\/www.aikido-de-la-gatine.fr\/index.php?rest_route=%2Fwp%2Fv2%2Fcomments&post=1301"}],"version-history":[{"count":6,"href":"http:\/\/www.aikido-de-la-gatine.fr\/index.php?rest_route=\/wp\/v2\/posts\/1301\/revisions"}],"predecessor-version":[{"id":1307,"href":"http:\/\/www.aikido-de-la-gatine.fr\/index.php?rest_route=\/wp\/v2\/posts\/1301\/revisions\/1307"}],"wp:attachment":[{"href":"http:\/\/www.aikido-de-la-gatine.fr\/index.php?rest_route=%2Fwp%2Fv2%2Fmedia&parent=1301"}],"wp:term":[{"taxonomy":"category","embeddable":true,"href":"http:\/\/www.aikido-de-la-gatine.fr\/index.php?rest_route=%2Fwp%2Fv2%2Fcategories&post=1301"},{"taxonomy":"post_tag","embeddable":true,"href":"http:\/\/www.aikido-de-la-gatine.fr\/index.php?rest_route=%2Fwp%2Fv2%2Ftags&post=1301"}],"curies":[{"name":"wp","href":"https:\/\/api.w.org\/{rel}","templated":true}]}}