{"id":251,"date":"2014-09-19T14:40:00","date_gmt":"2014-09-19T12:40:00","guid":{"rendered":"http:\/\/www.aikido-de-la-gatine.fr\/?p=251"},"modified":"2023-09-28T12:20:14","modified_gmt":"2023-09-28T10:20:14","slug":"seminaire-inazuma-kai-a-la-verrie","status":"publish","type":"post","link":"http:\/\/www.aikido-de-la-gatine.fr\/?p=251","title":{"rendered":"Juin 2014 : s\u00e9minaire Inazuma Ka\u00ef \u00e0 la Verrie."},"content":{"rendered":"<h4>Les 28 et 29 juin 2014<\/h4>\n<figure id=\"attachment_258\" aria-describedby=\"caption-attachment-258\" style=\"width: 200px\" class=\"wp-caption alignright\"><a href=\"http:\/\/www.aikido-de-la-gatine.fr\/wp-content\/uploads\/2014\/09\/DSC_6513.jpg\" target=\"_blank\" rel=\"noopener\"><img loading=\"lazy\" decoding=\"async\" class=\"wp-image-258 size-medium\" src=\"http:\/\/www.aikido-de-la-gatine.fr\/wp-content\/uploads\/2014\/09\/DSC_6513-200x300.jpg\" alt=\"S\u00e9minaire Inazuma Ka\u00ef 2014\" width=\"200\" height=\"300\" srcset=\"http:\/\/www.aikido-de-la-gatine.fr\/wp-content\/uploads\/2014\/09\/DSC_6513-200x300.jpg 200w, http:\/\/www.aikido-de-la-gatine.fr\/wp-content\/uploads\/2014\/09\/DSC_6513.jpg 534w\" sizes=\"(max-width: 200px) 100vw, 200px\" \/><\/a><figcaption id=\"caption-attachment-258\" class=\"wp-caption-text\">S\u00e9minaire Inazuma Ka\u00ef 2014<\/figcaption><\/figure>\n<p>Le dernier week-end de juin, plus de vingt pratiquants venus de clubs diff\u00e9rents se sont r\u00e9unis pour le traditionnel s\u00e9minaire d&rsquo;Inazuma Ka\u00ef encadr\u00e9 par Alain Vivier.<\/p>\n<p>Cette ann\u00e9e, c&rsquo;est l&rsquo;A\u00efkido Club de la Verrie qui a accueilli ce s\u00e9minaire dans une ambiance tr\u00e8s conviviale.<\/p>\n<p>Pratique des armes (ken, jyo et niten ryu) et r\u00e9investissement \u00e0 mains nues \u00e9taient au programme. A\u00efkidokas confirm\u00e9s et d\u00e9butants sont venus suivre les enseignements d&rsquo;Alain qui, notamment \u00e0 travers ce stage, s&rsquo;applique \u00e0 transmettre la voie de Jean Michel MERIT.<\/p>\n<p><a href=\"http:\/\/www.aikido-de-la-gatine.fr\/wp-content\/uploads\/2014\/09\/Stage-Inazuma-Kai-La-Verrie.wmv\" target=\"_blank\" rel=\"noopener\">Photos &#8211; Stage Inazuma Kai &#8211; La Verrie<\/a><\/p>\n","protected":false},"excerpt":{"rendered":"<p>Les 28 et 29 juin 2014 Le dernier week-end de juin, plus de vingt pratiquants venus de clubs diff\u00e9rents se sont r\u00e9unis pour le traditionnel s\u00e9minaire d&rsquo;Inazuma Ka\u00ef encadr\u00e9 par Alain Vivier. Cette ann\u00e9e, c&rsquo;est l&rsquo;A\u00efkido Club de la Verrie qui a accueilli ce s\u00e9minaire dans une ambiance tr\u00e8s conviviale. Pratique des armes (ken, jyo &hellip; <a href=\"http:\/\/www.aikido-de-la-gatine.fr\/?p=251\" class=\"more-link\">Continuer la lecture de <span class=\"screen-reader-text\">Juin 2014 : s\u00e9minaire Inazuma Ka\u00ef \u00e0 la Verrie.<\/span>  <span class=\"meta-nav\">&rarr;<\/span><\/a><\/p>\n","protected":false},"author":1,"featured_media":0,"comment_status":"closed","ping_status":"closed","sticky":false,"template":"","format":"standard","meta":{"footnotes":""},"categories":[13,20],"tags":[],"class_list":["post-251","post","type-post","status-publish","format-standard","hentry","category-stages","category-inazuma-kai"],"_links":{"self":[{"href":"http:\/\/www.aikido-de-la-gatine.fr\/index.php?rest_route=\/wp\/v2\/posts\/251"}],"collection":[{"href":"http:\/\/www.aikido-de-la-gatine.fr\/index.php?rest_route=\/wp\/v2\/posts"}],"about":[{"href":"http:\/\/www.aikido-de-la-gatine.fr\/index.php?rest_route=\/wp\/v2\/types\/post"}],"author":[{"embeddable":true,"href":"http:\/\/www.aikido-de-la-gatine.fr\/index.php?rest_route=\/wp\/v2\/users\/1"}],"replies":[{"embeddable":true,"href":"http:\/\/www.aikido-de-la-gatine.fr\/index.php?rest_route=%2Fwp%2Fv2%2Fcomments&post=251"}],"version-history":[{"count":11,"href":"http:\/\/www.aikido-de-la-gatine.fr\/index.php?rest_route=\/wp\/v2\/posts\/251\/revisions"}],"predecessor-version":[{"id":4099,"href":"http:\/\/www.aikido-de-la-gatine.fr\/index.php?rest_route=\/wp\/v2\/posts\/251\/revisions\/4099"}],"wp:attachment":[{"href":"http:\/\/www.aikido-de-la-gatine.fr\/index.php?rest_route=%2Fwp%2Fv2%2Fmedia&parent=251"}],"wp:term":[{"taxonomy":"category","embeddable":true,"href":"http:\/\/www.aikido-de-la-gatine.fr\/index.php?rest_route=%2Fwp%2Fv2%2Fcategories&post=251"},{"taxonomy":"post_tag","embeddable":true,"href":"http:\/\/www.aikido-de-la-gatine.fr\/index.php?rest_route=%2Fwp%2Fv2%2Ftags&post=251"}],"curies":[{"name":"wp","href":"https:\/\/api.w.org\/{rel}","templated":true}]}}