{"id":3803,"date":"2022-10-09T16:57:08","date_gmt":"2022-10-09T14:57:08","guid":{"rendered":"http:\/\/www.aikido-de-la-gatine.fr\/?p=3803"},"modified":"2023-09-28T11:53:37","modified_gmt":"2023-09-28T09:53:37","slug":"a-lasso","status":"publish","type":"post","link":"http:\/\/www.aikido-de-la-gatine.fr\/?p=3803","title":{"rendered":"A l&rsquo;Asso !"},"content":{"rendered":"\n<h2 class=\"has-medium-font-size wp-block-heading\">La f\u00eate des associations de Parthenay<\/h2>\n\n\n<p><img loading=\"lazy\" decoding=\"async\" class=\"alignright wp-image-3807 size-medium\" src=\"http:\/\/www.aikido-de-la-gatine.fr\/wp-content\/uploads\/2022\/10\/A-lasso-2022-001-195x300.jpg\" alt=\"\" width=\"195\" height=\"300\" srcset=\"http:\/\/www.aikido-de-la-gatine.fr\/wp-content\/uploads\/2022\/10\/A-lasso-2022-001-195x300.jpg 195w, http:\/\/www.aikido-de-la-gatine.fr\/wp-content\/uploads\/2022\/10\/A-lasso-2022-001.jpg 521w\" sizes=\"(max-width: 195px) 100vw, 195px\" \/>L&rsquo;\u00e9quipe de la G\u00e2tine \u00e9tait pr\u00e9sente \u00e0 la f\u00eate des associations de Parthenay qui s&rsquo;est tenue le 1er WE de septembre.<\/p>\n<p>Cette journ\u00e9e a \u00e9t\u00e9 l&rsquo;occasion de passer un moment tous ensemble et d&rsquo;\u00e9changer avec les passants curieux ou int\u00e9ress\u00e9s pas notre art martial. Nous avons \u00e9galement propos\u00e9 2 d\u00e9monstrations pour faire d\u00e9couvrir notre discipline aux Parthenaisiens.<\/p>\n<p>Ce RDV est d\u00e9sormais une tradition pour d\u00e9buter la saison.<\/p>","protected":false},"excerpt":{"rendered":"<p>La f\u00eate des associations de Parthenay L&rsquo;\u00e9quipe de la G\u00e2tine \u00e9tait pr\u00e9sente \u00e0 la f\u00eate des associations de Parthenay qui s&rsquo;est tenue le 1er WE de septembre. Cette journ\u00e9e a \u00e9t\u00e9 l&rsquo;occasion de passer un moment tous ensemble et d&rsquo;\u00e9changer avec les passants curieux ou int\u00e9ress\u00e9s pas notre art martial. Nous avons \u00e9galement propos\u00e9 2 &hellip; <a href=\"http:\/\/www.aikido-de-la-gatine.fr\/?p=3803\" class=\"more-link\">Continuer la lecture de <span class=\"screen-reader-text\">A l&rsquo;Asso !<\/span>  <span class=\"meta-nav\">&rarr;<\/span><\/a><\/p>\n","protected":false},"author":1,"featured_media":0,"comment_status":"open","ping_status":"open","sticky":false,"template":"","format":"standard","meta":{"footnotes":""},"categories":[1],"tags":[],"class_list":["post-3803","post","type-post","status-publish","format-standard","hentry","category-vieassociative"],"_links":{"self":[{"href":"http:\/\/www.aikido-de-la-gatine.fr\/index.php?rest_route=\/wp\/v2\/posts\/3803"}],"collection":[{"href":"http:\/\/www.aikido-de-la-gatine.fr\/index.php?rest_route=\/wp\/v2\/posts"}],"about":[{"href":"http:\/\/www.aikido-de-la-gatine.fr\/index.php?rest_route=\/wp\/v2\/types\/post"}],"author":[{"embeddable":true,"href":"http:\/\/www.aikido-de-la-gatine.fr\/index.php?rest_route=\/wp\/v2\/users\/1"}],"replies":[{"embeddable":true,"href":"http:\/\/www.aikido-de-la-gatine.fr\/index.php?rest_route=%2Fwp%2Fv2%2Fcomments&post=3803"}],"version-history":[{"count":6,"href":"http:\/\/www.aikido-de-la-gatine.fr\/index.php?rest_route=\/wp\/v2\/posts\/3803\/revisions"}],"predecessor-version":[{"id":3827,"href":"http:\/\/www.aikido-de-la-gatine.fr\/index.php?rest_route=\/wp\/v2\/posts\/3803\/revisions\/3827"}],"wp:attachment":[{"href":"http:\/\/www.aikido-de-la-gatine.fr\/index.php?rest_route=%2Fwp%2Fv2%2Fmedia&parent=3803"}],"wp:term":[{"taxonomy":"category","embeddable":true,"href":"http:\/\/www.aikido-de-la-gatine.fr\/index.php?rest_route=%2Fwp%2Fv2%2Fcategories&post=3803"},{"taxonomy":"post_tag","embeddable":true,"href":"http:\/\/www.aikido-de-la-gatine.fr\/index.php?rest_route=%2Fwp%2Fv2%2Ftags&post=3803"}],"curies":[{"name":"wp","href":"https:\/\/api.w.org\/{rel}","templated":true}]}}