{"id":4238,"date":"2024-04-17T19:55:35","date_gmt":"2024-04-17T17:55:35","guid":{"rendered":"http:\/\/www.aikido-de-la-gatine.fr\/?p=4238"},"modified":"2024-05-15T11:19:55","modified_gmt":"2024-05-15T09:19:55","slug":"30eme-annee-du-club-10-une-grande-implication-dans-la-formation-des-enseignants","status":"publish","type":"post","link":"http:\/\/www.aikido-de-la-gatine.fr\/?p=4238","title":{"rendered":"30\u00e8me ann\u00e9e du club-10 &#8211; une grande implication dans la formation des enseignants"},"content":{"rendered":"\n<p>Il n&rsquo;est jamais trop tard pour bien faire&#8230; Apr\u00e8s une longue pause  impr\u00e9vue dans la valorisation  des archives du club d&rsquo;a\u00efkido de la G\u00e2tine, il est grand temps de revenir sur les actions phares men\u00e9es par ses membres depuis 30 ans. <\/p>\n\n\n\n<p>En plus de sa contribution au d\u00e9veloppement de l&rsquo;a\u00efkido enfant r\u00e9gional, le club a longtemps particip\u00e9 \u00e0 la formation des enseignants ou futurs enseignants en organisant r\u00e9guli\u00e8rement des stages sp\u00e9cifiquement d\u00e9di\u00e9s. Et ce, au niveau r\u00e9gional comme national. Cela a pu se faire notamment gr\u00e2ce aux grandes qualit\u00e9s p\u00e9dagogiques de Jean-Michel M\u00e9rit et de son \u00e9l\u00e8ve Alain Vivier, professeur du club de la G\u00e2tine. <\/p>\n\n\n\n<p>Les articles ci-dessous t\u00e9moignent d&rsquo;un seul et m\u00eame \u00e9v\u00e8nement, organis\u00e9 le 22 novembre 2001. Ceci, dans les ann\u00e9es o\u00f9 l&rsquo;a\u00efkido connaissait un succ\u00e8s croissant&#8230;<\/p>\n\n\n\n<p class=\"has-text-align-center\">Bonne lecture et \u00e0 bient\u00f4t. <\/p>\n\n\n\n<figure class=\"wp-block-gallery has-nested-images columns-default is-cropped wp-block-gallery-1 is-layout-flex wp-block-gallery-is-layout-flex\">\n<figure class=\"wp-block-image size-large\"><a href=\"http:\/\/www.aikido-de-la-gatine.fr\/wp-content\/uploads\/2024\/04\/Les-professeurs-en-stage-1-scaled.jpg\"><img loading=\"lazy\" decoding=\"async\" width=\"1005\" height=\"1024\" data-id=\"4241\" src=\"http:\/\/www.aikido-de-la-gatine.fr\/wp-content\/uploads\/2024\/04\/Les-professeurs-en-stage-1-1005x1024.jpg\" alt=\"\" class=\"wp-image-4241\" srcset=\"http:\/\/www.aikido-de-la-gatine.fr\/wp-content\/uploads\/2024\/04\/Les-professeurs-en-stage-1-1005x1024.jpg 1005w, http:\/\/www.aikido-de-la-gatine.fr\/wp-content\/uploads\/2024\/04\/Les-professeurs-en-stage-1-294x300.jpg 294w, http:\/\/www.aikido-de-la-gatine.fr\/wp-content\/uploads\/2024\/04\/Les-professeurs-en-stage-1-768x783.jpg 768w, http:\/\/www.aikido-de-la-gatine.fr\/wp-content\/uploads\/2024\/04\/Les-professeurs-en-stage-1-1507x1536.jpg 1507w, http:\/\/www.aikido-de-la-gatine.fr\/wp-content\/uploads\/2024\/04\/Les-professeurs-en-stage-1-2010x2048.jpg 2010w\" sizes=\"(max-width: 1005px) 100vw, 1005px\" \/><\/a><\/figure>\n\n\n\n<figure class=\"wp-block-image size-large\"><a href=\"http:\/\/www.aikido-de-la-gatine.fr\/wp-content\/uploads\/2024\/04\/2001-scaled.jpg\"><img loading=\"lazy\" decoding=\"async\" width=\"668\" height=\"1024\" data-id=\"4240\" src=\"http:\/\/www.aikido-de-la-gatine.fr\/wp-content\/uploads\/2024\/04\/2001-668x1024.jpg\" alt=\"\" class=\"wp-image-4240\" srcset=\"http:\/\/www.aikido-de-la-gatine.fr\/wp-content\/uploads\/2024\/04\/2001-668x1024.jpg 668w, http:\/\/www.aikido-de-la-gatine.fr\/wp-content\/uploads\/2024\/04\/2001-196x300.jpg 196w, http:\/\/www.aikido-de-la-gatine.fr\/wp-content\/uploads\/2024\/04\/2001-768x1177.jpg 768w, http:\/\/www.aikido-de-la-gatine.fr\/wp-content\/uploads\/2024\/04\/2001-1002x1536.jpg 1002w, http:\/\/www.aikido-de-la-gatine.fr\/wp-content\/uploads\/2024\/04\/2001-1336x2048.jpg 1336w, http:\/\/www.aikido-de-la-gatine.fr\/wp-content\/uploads\/2024\/04\/2001-scaled.jpg 1670w\" sizes=\"(max-width: 668px) 100vw, 668px\" \/><\/a><\/figure>\n<\/figure>\n","protected":false},"excerpt":{"rendered":"<p>Il n&rsquo;est jamais trop tard pour bien faire&#8230; Apr\u00e8s une longue pause impr\u00e9vue dans la valorisation des archives du club d&rsquo;a\u00efkido de la G\u00e2tine, il est grand temps de revenir sur les actions phares men\u00e9es par ses membres depuis 30 ans. En plus de sa contribution au d\u00e9veloppement de l&rsquo;a\u00efkido enfant r\u00e9gional, le club a &hellip; <a href=\"http:\/\/www.aikido-de-la-gatine.fr\/?p=4238\" class=\"more-link\">Continuer la lecture de <span class=\"screen-reader-text\">30\u00e8me ann\u00e9e du club-10 &#8211; une grande implication dans la formation des enseignants<\/span>  <span class=\"meta-nav\">&rarr;<\/span><\/a><\/p>\n","protected":false},"author":1,"featured_media":0,"comment_status":"closed","ping_status":"closed","sticky":false,"template":"","format":"standard","meta":{"footnotes":""},"categories":[26,15],"tags":[],"class_list":["post-4238","post","type-post","status-publish","format-standard","hentry","category-formationsenseignants","category-site"],"_links":{"self":[{"href":"http:\/\/www.aikido-de-la-gatine.fr\/index.php?rest_route=\/wp\/v2\/posts\/4238"}],"collection":[{"href":"http:\/\/www.aikido-de-la-gatine.fr\/index.php?rest_route=\/wp\/v2\/posts"}],"about":[{"href":"http:\/\/www.aikido-de-la-gatine.fr\/index.php?rest_route=\/wp\/v2\/types\/post"}],"author":[{"embeddable":true,"href":"http:\/\/www.aikido-de-la-gatine.fr\/index.php?rest_route=\/wp\/v2\/users\/1"}],"replies":[{"embeddable":true,"href":"http:\/\/www.aikido-de-la-gatine.fr\/index.php?rest_route=%2Fwp%2Fv2%2Fcomments&post=4238"}],"version-history":[{"count":2,"href":"http:\/\/www.aikido-de-la-gatine.fr\/index.php?rest_route=\/wp\/v2\/posts\/4238\/revisions"}],"predecessor-version":[{"id":4243,"href":"http:\/\/www.aikido-de-la-gatine.fr\/index.php?rest_route=\/wp\/v2\/posts\/4238\/revisions\/4243"}],"wp:attachment":[{"href":"http:\/\/www.aikido-de-la-gatine.fr\/index.php?rest_route=%2Fwp%2Fv2%2Fmedia&parent=4238"}],"wp:term":[{"taxonomy":"category","embeddable":true,"href":"http:\/\/www.aikido-de-la-gatine.fr\/index.php?rest_route=%2Fwp%2Fv2%2Fcategories&post=4238"},{"taxonomy":"post_tag","embeddable":true,"href":"http:\/\/www.aikido-de-la-gatine.fr\/index.php?rest_route=%2Fwp%2Fv2%2Ftags&post=4238"}],"curies":[{"name":"wp","href":"https:\/\/api.w.org\/{rel}","templated":true}]}}