{"id":4359,"date":"2024-09-08T09:54:32","date_gmt":"2024-09-08T07:54:32","guid":{"rendered":"http:\/\/www.aikido-de-la-gatine.fr\/?p=4359"},"modified":"2024-09-29T20:37:08","modified_gmt":"2024-09-29T18:37:08","slug":"nous-y-etions","status":"publish","type":"post","link":"http:\/\/www.aikido-de-la-gatine.fr\/?p=4359","title":{"rendered":"Nous y \u00e9tions!"},"content":{"rendered":"\n<p>Ce samedi 7 septembre s&rsquo;est d\u00e9roul\u00e9 la traditionnelle f\u00eate des associations de la ville de Parthenay, d\u00e9nomm\u00e9e \u00ab\u00a0A l&rsquo;asso!\u00a0\u00bb. Elle a rassembl\u00e9 l&rsquo;ensemble des associations de Parthenay sur la place du Drapeau entre 10h et 18h. <\/p>\n\n\n\n<p>Notre club de l&rsquo;A\u00efkido de la G\u00e2tine  \u00e9tait pr\u00e9sent et bien repr\u00e9sent\u00e9 par huit pratiquant.e.s qui ont pu accueillir les quelques personnes venues \u00e0 notre stand pour se renseigner sur notre discipline. L&rsquo;ambiance y a \u00e9t\u00e9 conviviale, chaleureuse&#8230;et studieuse. <\/p>\n\n\n\n<p>En effet, les aikidokas pr\u00e9sent.e.s ont pu faire une d\u00e9monstration rapide et dynamique de notre pratique \u00e0 15h, devant un public int\u00e9ress\u00e9 mais un peu mouill\u00e9 par la pluie du moment. <\/p>\n\n\n\n<p>Merci \u00e0 tou.te.s les participant.e.s pour cette belle journ\u00e9e de rentr\u00e9e. <\/p>\n\n\n\n<p>La d\u00e9monstration en images: <\/p>\n\n\n\n<figure class=\"wp-block-gallery has-nested-images columns-default is-cropped wp-block-gallery-1 is-layout-flex wp-block-gallery-is-layout-flex\">\n<figure class=\"wp-block-image size-large\"><a href=\"http:\/\/www.aikido-de-la-gatine.fr\/wp-content\/uploads\/2024\/09\/IMG-20240907-WA0008.jpg\"><img loading=\"lazy\" decoding=\"async\" width=\"834\" height=\"1024\" data-id=\"4360\" src=\"http:\/\/www.aikido-de-la-gatine.fr\/wp-content\/uploads\/2024\/09\/IMG-20240907-WA0008-834x1024.jpg\" alt=\"\" class=\"wp-image-4360\" srcset=\"http:\/\/www.aikido-de-la-gatine.fr\/wp-content\/uploads\/2024\/09\/IMG-20240907-WA0008-834x1024.jpg 834w, http:\/\/www.aikido-de-la-gatine.fr\/wp-content\/uploads\/2024\/09\/IMG-20240907-WA0008-244x300.jpg 244w, http:\/\/www.aikido-de-la-gatine.fr\/wp-content\/uploads\/2024\/09\/IMG-20240907-WA0008-768x942.jpg 768w, http:\/\/www.aikido-de-la-gatine.fr\/wp-content\/uploads\/2024\/09\/IMG-20240907-WA0008.jpg 1228w\" sizes=\"(max-width: 834px) 100vw, 834px\" \/><\/a><\/figure>\n\n\n\n<figure class=\"wp-block-image size-large\"><a href=\"http:\/\/www.aikido-de-la-gatine.fr\/wp-content\/uploads\/2024\/09\/IMG-20240907-WA0007.jpg\"><img loading=\"lazy\" decoding=\"async\" width=\"769\" height=\"1024\" data-id=\"4362\" src=\"http:\/\/www.aikido-de-la-gatine.fr\/wp-content\/uploads\/2024\/09\/IMG-20240907-WA0007-769x1024.jpg\" alt=\"\" class=\"wp-image-4362\" srcset=\"http:\/\/www.aikido-de-la-gatine.fr\/wp-content\/uploads\/2024\/09\/IMG-20240907-WA0007-769x1024.jpg 769w, http:\/\/www.aikido-de-la-gatine.fr\/wp-content\/uploads\/2024\/09\/IMG-20240907-WA0007-225x300.jpg 225w, http:\/\/www.aikido-de-la-gatine.fr\/wp-content\/uploads\/2024\/09\/IMG-20240907-WA0007-768x1022.jpg 768w, http:\/\/www.aikido-de-la-gatine.fr\/wp-content\/uploads\/2024\/09\/IMG-20240907-WA0007.jpg 1064w\" sizes=\"(max-width: 769px) 100vw, 769px\" \/><\/a><\/figure>\n\n\n\n<figure class=\"wp-block-image size-large\"><a href=\"http:\/\/www.aikido-de-la-gatine.fr\/wp-content\/uploads\/2024\/09\/IMG-20240907-WA0006.jpg\"><img loading=\"lazy\" decoding=\"async\" width=\"768\" height=\"1024\" data-id=\"4361\" src=\"http:\/\/www.aikido-de-la-gatine.fr\/wp-content\/uploads\/2024\/09\/IMG-20240907-WA0006-768x1024.jpg\" alt=\"\" class=\"wp-image-4361\" srcset=\"http:\/\/www.aikido-de-la-gatine.fr\/wp-content\/uploads\/2024\/09\/IMG-20240907-WA0006-768x1023.jpg 768w, http:\/\/www.aikido-de-la-gatine.fr\/wp-content\/uploads\/2024\/09\/IMG-20240907-WA0006-225x300.jpg 225w, http:\/\/www.aikido-de-la-gatine.fr\/wp-content\/uploads\/2024\/09\/IMG-20240907-WA0006.jpg 839w\" sizes=\"(max-width: 768px) 100vw, 768px\" \/><\/a><\/figure>\n\n\n\n<figure class=\"wp-block-image size-large\"><a href=\"http:\/\/www.aikido-de-la-gatine.fr\/wp-content\/uploads\/2024\/09\/IMG_20240909_202421.jpg\"><img loading=\"lazy\" decoding=\"async\" width=\"768\" height=\"1024\" data-id=\"4373\" src=\"http:\/\/www.aikido-de-la-gatine.fr\/wp-content\/uploads\/2024\/09\/IMG_20240909_202421.jpg\" alt=\"\" class=\"wp-image-4373\" srcset=\"http:\/\/www.aikido-de-la-gatine.fr\/wp-content\/uploads\/2024\/09\/IMG_20240909_202421.jpg 768w, http:\/\/www.aikido-de-la-gatine.fr\/wp-content\/uploads\/2024\/09\/IMG_20240909_202421-225x300.jpg 225w\" sizes=\"(max-width: 768px) 100vw, 768px\" \/><\/a><\/figure>\n\n\n\n<figure class=\"wp-block-image size-large\"><a href=\"http:\/\/www.aikido-de-la-gatine.fr\/wp-content\/uploads\/2024\/09\/IMG_20240909_202524.jpg\"><img loading=\"lazy\" decoding=\"async\" width=\"1024\" height=\"637\" data-id=\"4374\" src=\"http:\/\/www.aikido-de-la-gatine.fr\/wp-content\/uploads\/2024\/09\/IMG_20240909_202524-1024x637.jpg\" alt=\"\" class=\"wp-image-4374\" srcset=\"http:\/\/www.aikido-de-la-gatine.fr\/wp-content\/uploads\/2024\/09\/IMG_20240909_202524-1024x637.jpg 1024w, http:\/\/www.aikido-de-la-gatine.fr\/wp-content\/uploads\/2024\/09\/IMG_20240909_202524-300x187.jpg 300w, http:\/\/www.aikido-de-la-gatine.fr\/wp-content\/uploads\/2024\/09\/IMG_20240909_202524-768x478.jpg 768w, http:\/\/www.aikido-de-la-gatine.fr\/wp-content\/uploads\/2024\/09\/IMG_20240909_202524.jpg 1128w\" sizes=\"(max-width: 1024px) 100vw, 1024px\" \/><\/a><figcaption class=\"wp-element-caption\">Oplus_131072<\/figcaption><\/figure>\n\n\n\n<figure class=\"wp-block-image size-large\"><a href=\"http:\/\/www.aikido-de-la-gatine.fr\/wp-content\/uploads\/2024\/09\/IMG_20240909_202615.jpg\"><img loading=\"lazy\" decoding=\"async\" width=\"962\" height=\"1024\" data-id=\"4375\" src=\"http:\/\/www.aikido-de-la-gatine.fr\/wp-content\/uploads\/2024\/09\/IMG_20240909_202615.jpg\" alt=\"\" class=\"wp-image-4375\" srcset=\"http:\/\/www.aikido-de-la-gatine.fr\/wp-content\/uploads\/2024\/09\/IMG_20240909_202615.jpg 962w, http:\/\/www.aikido-de-la-gatine.fr\/wp-content\/uploads\/2024\/09\/IMG_20240909_202615-282x300.jpg 282w, http:\/\/www.aikido-de-la-gatine.fr\/wp-content\/uploads\/2024\/09\/IMG_20240909_202615-768x817.jpg 768w\" sizes=\"(max-width: 962px) 100vw, 962px\" \/><\/a><\/figure>\n<\/figure>\n","protected":false},"excerpt":{"rendered":"<p>Ce samedi 7 septembre s&rsquo;est d\u00e9roul\u00e9 la traditionnelle f\u00eate des associations de la ville de Parthenay, d\u00e9nomm\u00e9e \u00ab\u00a0A l&rsquo;asso!\u00a0\u00bb. Elle a rassembl\u00e9 l&rsquo;ensemble des associations de Parthenay sur la place du Drapeau entre 10h et 18h. Notre club de l&rsquo;A\u00efkido de la G\u00e2tine \u00e9tait pr\u00e9sent et bien repr\u00e9sent\u00e9 par huit pratiquant.e.s qui ont pu accueillir &hellip; <a href=\"http:\/\/www.aikido-de-la-gatine.fr\/?p=4359\" class=\"more-link\">Continuer la lecture de <span class=\"screen-reader-text\">Nous y \u00e9tions!<\/span>  <span class=\"meta-nav\">&rarr;<\/span><\/a><\/p>\n","protected":false},"author":1,"featured_media":0,"comment_status":"closed","ping_status":"closed","sticky":false,"template":"","format":"standard","meta":{"footnotes":""},"categories":[1],"tags":[],"class_list":["post-4359","post","type-post","status-publish","format-standard","hentry","category-vieassociative"],"_links":{"self":[{"href":"http:\/\/www.aikido-de-la-gatine.fr\/index.php?rest_route=\/wp\/v2\/posts\/4359"}],"collection":[{"href":"http:\/\/www.aikido-de-la-gatine.fr\/index.php?rest_route=\/wp\/v2\/posts"}],"about":[{"href":"http:\/\/www.aikido-de-la-gatine.fr\/index.php?rest_route=\/wp\/v2\/types\/post"}],"author":[{"embeddable":true,"href":"http:\/\/www.aikido-de-la-gatine.fr\/index.php?rest_route=\/wp\/v2\/users\/1"}],"replies":[{"embeddable":true,"href":"http:\/\/www.aikido-de-la-gatine.fr\/index.php?rest_route=%2Fwp%2Fv2%2Fcomments&post=4359"}],"version-history":[{"count":3,"href":"http:\/\/www.aikido-de-la-gatine.fr\/index.php?rest_route=\/wp\/v2\/posts\/4359\/revisions"}],"predecessor-version":[{"id":4377,"href":"http:\/\/www.aikido-de-la-gatine.fr\/index.php?rest_route=\/wp\/v2\/posts\/4359\/revisions\/4377"}],"wp:attachment":[{"href":"http:\/\/www.aikido-de-la-gatine.fr\/index.php?rest_route=%2Fwp%2Fv2%2Fmedia&parent=4359"}],"wp:term":[{"taxonomy":"category","embeddable":true,"href":"http:\/\/www.aikido-de-la-gatine.fr\/index.php?rest_route=%2Fwp%2Fv2%2Fcategories&post=4359"},{"taxonomy":"post_tag","embeddable":true,"href":"http:\/\/www.aikido-de-la-gatine.fr\/index.php?rest_route=%2Fwp%2Fv2%2Ftags&post=4359"}],"curies":[{"name":"wp","href":"https:\/\/api.w.org\/{rel}","templated":true}]}}