{"id":4381,"date":"2024-09-29T21:11:39","date_gmt":"2024-09-29T19:11:39","guid":{"rendered":"http:\/\/www.aikido-de-la-gatine.fr\/?p=4381"},"modified":"2024-10-30T14:02:37","modified_gmt":"2024-10-30T13:02:37","slug":"quand-les-stages-faisaient-dojo-comble","status":"publish","type":"post","link":"http:\/\/www.aikido-de-la-gatine.fr\/?p=4381","title":{"rendered":"Quand les stages faisaient dojo comble&#8230;"},"content":{"rendered":"\n<p>A la veille du premier stage de la saison 2024-2025, une petite pens\u00e9e m&rsquo;est apparue de l&rsquo;\u00e9poque o\u00f9 les stages de notre club remplissaient bien davantage notre grand dojo. Ils se faisaient alors souvent en partenariat avec la Ligue du Poitou-Charentes.<\/p>\n\n\n\n<p>Avant que ne surgisse ce myst\u00e9rieux virus du Covid-19 en 2020, et malgr\u00e9 un d\u00e9but de baisse de fr\u00e9quentation du tatami dans les ann\u00e9es d&rsquo;avant, l&rsquo;a\u00efkido de la G\u00e2tine a attir\u00e9 de nombreux pratiquants dans notre ville de Parthenay, jeunes et moins jeunes. <\/p>\n\n\n\n<p>Peut-\u00eatre reconnaitrez-vous des enfants ou des adultes de l&rsquo;\u00e9poque sur les archives ci-dessous? &#8230;.<\/p>\n\n\n\n<figure class=\"wp-block-gallery has-nested-images columns-default is-cropped wp-block-gallery-1 is-layout-flex wp-block-gallery-is-layout-flex\">\n<figure class=\"wp-block-image size-large\"><a href=\"http:\/\/www.aikido-de-la-gatine.fr\/wp-content\/uploads\/2024\/09\/Stage-enfants-scaled.jpg\"><img loading=\"lazy\" decoding=\"async\" width=\"1024\" height=\"402\" data-id=\"4382\" src=\"http:\/\/www.aikido-de-la-gatine.fr\/wp-content\/uploads\/2024\/09\/Stage-enfants-1024x402.jpg\" alt=\"\" class=\"wp-image-4382\" srcset=\"http:\/\/www.aikido-de-la-gatine.fr\/wp-content\/uploads\/2024\/09\/Stage-enfants-1024x402.jpg 1024w, http:\/\/www.aikido-de-la-gatine.fr\/wp-content\/uploads\/2024\/09\/Stage-enfants-300x118.jpg 300w, http:\/\/www.aikido-de-la-gatine.fr\/wp-content\/uploads\/2024\/09\/Stage-enfants-768x302.jpg 768w, http:\/\/www.aikido-de-la-gatine.fr\/wp-content\/uploads\/2024\/09\/Stage-enfants-1536x603.jpg 1536w, http:\/\/www.aikido-de-la-gatine.fr\/wp-content\/uploads\/2024\/09\/Stage-enfants-2048x804.jpg 2048w\" sizes=\"(max-width: 1024px) 100vw, 1024px\" \/><\/a><\/figure>\n\n\n\n<figure class=\"wp-block-image size-large\"><a href=\"http:\/\/www.aikido-de-la-gatine.fr\/wp-content\/uploads\/2024\/09\/P1130394-scaled.jpg\"><img loading=\"lazy\" decoding=\"async\" width=\"1024\" height=\"312\" data-id=\"4383\" src=\"http:\/\/www.aikido-de-la-gatine.fr\/wp-content\/uploads\/2024\/09\/P1130394-1024x312.jpg\" alt=\"\" class=\"wp-image-4383\" srcset=\"http:\/\/www.aikido-de-la-gatine.fr\/wp-content\/uploads\/2024\/09\/P1130394-1024x312.jpg 1024w, http:\/\/www.aikido-de-la-gatine.fr\/wp-content\/uploads\/2024\/09\/P1130394-300x91.jpg 300w, http:\/\/www.aikido-de-la-gatine.fr\/wp-content\/uploads\/2024\/09\/P1130394-768x234.jpg 768w, http:\/\/www.aikido-de-la-gatine.fr\/wp-content\/uploads\/2024\/09\/P1130394-1536x468.jpg 1536w, http:\/\/www.aikido-de-la-gatine.fr\/wp-content\/uploads\/2024\/09\/P1130394-2048x623.jpg 2048w\" sizes=\"(max-width: 1024px) 100vw, 1024px\" \/><\/a><\/figure>\n\n\n\n<figure class=\"wp-block-image size-large\"><a href=\"http:\/\/www.aikido-de-la-gatine.fr\/wp-content\/uploads\/2024\/09\/Stage-adulte-scaled.jpg\"><img loading=\"lazy\" decoding=\"async\" width=\"1024\" height=\"399\" data-id=\"4384\" src=\"http:\/\/www.aikido-de-la-gatine.fr\/wp-content\/uploads\/2024\/09\/Stage-adulte-1024x399.jpg\" alt=\"\" class=\"wp-image-4384\" srcset=\"http:\/\/www.aikido-de-la-gatine.fr\/wp-content\/uploads\/2024\/09\/Stage-adulte-1024x399.jpg 1024w, http:\/\/www.aikido-de-la-gatine.fr\/wp-content\/uploads\/2024\/09\/Stage-adulte-300x117.jpg 300w, http:\/\/www.aikido-de-la-gatine.fr\/wp-content\/uploads\/2024\/09\/Stage-adulte-768x300.jpg 768w, http:\/\/www.aikido-de-la-gatine.fr\/wp-content\/uploads\/2024\/09\/Stage-adulte-1536x599.jpg 1536w, http:\/\/www.aikido-de-la-gatine.fr\/wp-content\/uploads\/2024\/09\/Stage-adulte-2048x799.jpg 2048w\" sizes=\"(max-width: 1024px) 100vw, 1024px\" \/><\/a><\/figure>\n\n\n\n<figure class=\"wp-block-image size-large\"><a href=\"http:\/\/www.aikido-de-la-gatine.fr\/wp-content\/uploads\/2024\/09\/19.10.05-140-aikidokas-en-stage.jpg\"><img loading=\"lazy\" decoding=\"async\" width=\"967\" height=\"1024\" data-id=\"4386\" src=\"http:\/\/www.aikido-de-la-gatine.fr\/wp-content\/uploads\/2024\/09\/19.10.05-140-aikidokas-en-stage-967x1024.jpg\" alt=\"\" class=\"wp-image-4386\" srcset=\"http:\/\/www.aikido-de-la-gatine.fr\/wp-content\/uploads\/2024\/09\/19.10.05-140-aikidokas-en-stage-967x1024.jpg 967w, http:\/\/www.aikido-de-la-gatine.fr\/wp-content\/uploads\/2024\/09\/19.10.05-140-aikidokas-en-stage-283x300.jpg 283w, http:\/\/www.aikido-de-la-gatine.fr\/wp-content\/uploads\/2024\/09\/19.10.05-140-aikidokas-en-stage-768x813.jpg 768w, http:\/\/www.aikido-de-la-gatine.fr\/wp-content\/uploads\/2024\/09\/19.10.05-140-aikidokas-en-stage-1451x1536.jpg 1451w, http:\/\/www.aikido-de-la-gatine.fr\/wp-content\/uploads\/2024\/09\/19.10.05-140-aikidokas-en-stage-1934x2048.jpg 1934w\" sizes=\"(max-width: 967px) 100vw, 967px\" \/><\/a><\/figure>\n\n\n\n<figure class=\"wp-block-image size-large\"><a href=\"http:\/\/www.aikido-de-la-gatine.fr\/wp-content\/uploads\/2024\/09\/2012-Le-meilleur-de-laikido-regional-scaled.jpg\"><img loading=\"lazy\" decoding=\"async\" width=\"1024\" height=\"799\" data-id=\"4385\" src=\"http:\/\/www.aikido-de-la-gatine.fr\/wp-content\/uploads\/2024\/09\/2012-Le-meilleur-de-laikido-regional-1024x799.jpg\" alt=\"\" class=\"wp-image-4385\" srcset=\"http:\/\/www.aikido-de-la-gatine.fr\/wp-content\/uploads\/2024\/09\/2012-Le-meilleur-de-laikido-regional-1024x799.jpg 1024w, http:\/\/www.aikido-de-la-gatine.fr\/wp-content\/uploads\/2024\/09\/2012-Le-meilleur-de-laikido-regional-300x234.jpg 300w, http:\/\/www.aikido-de-la-gatine.fr\/wp-content\/uploads\/2024\/09\/2012-Le-meilleur-de-laikido-regional-768x599.jpg 768w, http:\/\/www.aikido-de-la-gatine.fr\/wp-content\/uploads\/2024\/09\/2012-Le-meilleur-de-laikido-regional-1536x1199.jpg 1536w, http:\/\/www.aikido-de-la-gatine.fr\/wp-content\/uploads\/2024\/09\/2012-Le-meilleur-de-laikido-regional-2048x1598.jpg 2048w\" sizes=\"(max-width: 1024px) 100vw, 1024px\" \/><\/a><\/figure>\n<\/figure>\n","protected":false},"excerpt":{"rendered":"<p>A la veille du premier stage de la saison 2024-2025, une petite pens\u00e9e m&rsquo;est apparue de l&rsquo;\u00e9poque o\u00f9 les stages de notre club remplissaient bien davantage notre grand dojo. Ils se faisaient alors souvent en partenariat avec la Ligue du Poitou-Charentes. Avant que ne surgisse ce myst\u00e9rieux virus du Covid-19 en 2020, et malgr\u00e9 un &hellip; <a href=\"http:\/\/www.aikido-de-la-gatine.fr\/?p=4381\" class=\"more-link\">Continuer la lecture de <span class=\"screen-reader-text\">Quand les stages faisaient dojo comble&#8230;<\/span>  <span class=\"meta-nav\">&rarr;<\/span><\/a><\/p>\n","protected":false},"author":1,"featured_media":0,"comment_status":"closed","ping_status":"closed","sticky":false,"template":"","format":"standard","meta":{"footnotes":""},"categories":[15,27],"tags":[],"class_list":["post-4381","post","type-post","status-publish","format-standard","hentry","category-site","category-presse"],"_links":{"self":[{"href":"http:\/\/www.aikido-de-la-gatine.fr\/index.php?rest_route=\/wp\/v2\/posts\/4381"}],"collection":[{"href":"http:\/\/www.aikido-de-la-gatine.fr\/index.php?rest_route=\/wp\/v2\/posts"}],"about":[{"href":"http:\/\/www.aikido-de-la-gatine.fr\/index.php?rest_route=\/wp\/v2\/types\/post"}],"author":[{"embeddable":true,"href":"http:\/\/www.aikido-de-la-gatine.fr\/index.php?rest_route=\/wp\/v2\/users\/1"}],"replies":[{"embeddable":true,"href":"http:\/\/www.aikido-de-la-gatine.fr\/index.php?rest_route=%2Fwp%2Fv2%2Fcomments&post=4381"}],"version-history":[{"count":1,"href":"http:\/\/www.aikido-de-la-gatine.fr\/index.php?rest_route=\/wp\/v2\/posts\/4381\/revisions"}],"predecessor-version":[{"id":4387,"href":"http:\/\/www.aikido-de-la-gatine.fr\/index.php?rest_route=\/wp\/v2\/posts\/4381\/revisions\/4387"}],"wp:attachment":[{"href":"http:\/\/www.aikido-de-la-gatine.fr\/index.php?rest_route=%2Fwp%2Fv2%2Fmedia&parent=4381"}],"wp:term":[{"taxonomy":"category","embeddable":true,"href":"http:\/\/www.aikido-de-la-gatine.fr\/index.php?rest_route=%2Fwp%2Fv2%2Fcategories&post=4381"},{"taxonomy":"post_tag","embeddable":true,"href":"http:\/\/www.aikido-de-la-gatine.fr\/index.php?rest_route=%2Fwp%2Fv2%2Ftags&post=4381"}],"curies":[{"name":"wp","href":"https:\/\/api.w.org\/{rel}","templated":true}]}}