{"id":4453,"date":"2025-06-30T16:26:54","date_gmt":"2025-06-30T14:26:54","guid":{"rendered":"http:\/\/www.aikido-de-la-gatine.fr\/?p=4453"},"modified":"2025-06-30T16:26:54","modified_gmt":"2025-06-30T14:26:54","slug":"pour-la-rentree-venez-nous-rencontrer","status":"publish","type":"post","link":"http:\/\/www.aikido-de-la-gatine.fr\/?p=4453","title":{"rendered":"Pour la rentr\u00e9e, venez nous rencontrer !"},"content":{"rendered":"\n<p class=\"has-text-align-center\">Comme chaque ann\u00e9e maintenant, la f\u00eate des Associations de Parthenay fera son retour pour sa sixi\u00e8me \u00e9dition, et nous serons pr\u00e9sents !<\/p>\n\n\n\n<p class=\"has-text-align-center\">Nous vous donnons donc rendez-vous le <strong>samedi 6 Septembre 2025<\/strong> <strong>sur la place du Drapeau (79200, Parthenay), de 10h \u00e0 18h<\/strong> pour venir \u00e9changer avec nous, avec une ambiance conviviale garantie ! <\/p>\n\n\n\n<figure class=\"wp-block-image size-full\"><a href=\"http:\/\/www.aikido-de-la-gatine.fr\/wp-content\/uploads\/2025\/06\/A-l-asso-2025-Forum-des-associations.png\"><img loading=\"lazy\" decoding=\"async\" width=\"790\" height=\"550\" src=\"http:\/\/www.aikido-de-la-gatine.fr\/wp-content\/uploads\/2025\/06\/A-l-asso-2025-Forum-des-associations.png\" alt=\"\" class=\"wp-image-4454\" srcset=\"http:\/\/www.aikido-de-la-gatine.fr\/wp-content\/uploads\/2025\/06\/A-l-asso-2025-Forum-des-associations.png 790w, http:\/\/www.aikido-de-la-gatine.fr\/wp-content\/uploads\/2025\/06\/A-l-asso-2025-Forum-des-associations-300x209.png 300w, http:\/\/www.aikido-de-la-gatine.fr\/wp-content\/uploads\/2025\/06\/A-l-asso-2025-Forum-des-associations-768x535.png 768w\" sizes=\"(max-width: 790px) 100vw, 790px\" \/><\/a><\/figure>\n\n\n\n<p><\/p>\n","protected":false},"excerpt":{"rendered":"<p>Comme chaque ann\u00e9e maintenant, la f\u00eate des Associations de Parthenay fera son retour pour sa sixi\u00e8me \u00e9dition, et nous serons pr\u00e9sents ! Nous vous donnons donc rendez-vous le samedi 6 Septembre 2025 sur la place du Drapeau (79200, Parthenay), de 10h \u00e0 18h pour venir \u00e9changer avec nous, avec une ambiance conviviale garantie !<\/p>\n","protected":false},"author":1,"featured_media":0,"comment_status":"open","ping_status":"open","sticky":false,"template":"","format":"standard","meta":{"footnotes":""},"categories":[1],"tags":[],"class_list":["post-4453","post","type-post","status-publish","format-standard","hentry","category-vieassociative"],"_links":{"self":[{"href":"http:\/\/www.aikido-de-la-gatine.fr\/index.php?rest_route=\/wp\/v2\/posts\/4453"}],"collection":[{"href":"http:\/\/www.aikido-de-la-gatine.fr\/index.php?rest_route=\/wp\/v2\/posts"}],"about":[{"href":"http:\/\/www.aikido-de-la-gatine.fr\/index.php?rest_route=\/wp\/v2\/types\/post"}],"author":[{"embeddable":true,"href":"http:\/\/www.aikido-de-la-gatine.fr\/index.php?rest_route=\/wp\/v2\/users\/1"}],"replies":[{"embeddable":true,"href":"http:\/\/www.aikido-de-la-gatine.fr\/index.php?rest_route=%2Fwp%2Fv2%2Fcomments&post=4453"}],"version-history":[{"count":1,"href":"http:\/\/www.aikido-de-la-gatine.fr\/index.php?rest_route=\/wp\/v2\/posts\/4453\/revisions"}],"predecessor-version":[{"id":4455,"href":"http:\/\/www.aikido-de-la-gatine.fr\/index.php?rest_route=\/wp\/v2\/posts\/4453\/revisions\/4455"}],"wp:attachment":[{"href":"http:\/\/www.aikido-de-la-gatine.fr\/index.php?rest_route=%2Fwp%2Fv2%2Fmedia&parent=4453"}],"wp:term":[{"taxonomy":"category","embeddable":true,"href":"http:\/\/www.aikido-de-la-gatine.fr\/index.php?rest_route=%2Fwp%2Fv2%2Fcategories&post=4453"},{"taxonomy":"post_tag","embeddable":true,"href":"http:\/\/www.aikido-de-la-gatine.fr\/index.php?rest_route=%2Fwp%2Fv2%2Ftags&post=4453"}],"curies":[{"name":"wp","href":"https:\/\/api.w.org\/{rel}","templated":true}]}}