{"id":879,"date":"2015-09-16T20:21:47","date_gmt":"2015-09-16T18:21:47","guid":{"rendered":"http:\/\/www.aikido-de-la-gatine.fr\/?p=879"},"modified":"2023-09-28T12:48:43","modified_gmt":"2023-09-28T10:48:43","slug":"video-du-stage-intergenerations-2014-avec-christian-mouza","status":"publish","type":"post","link":"http:\/\/www.aikido-de-la-gatine.fr\/?p=879","title":{"rendered":"Vid\u00e9o du stage interg\u00e9n\u00e9rations 2014 dirig\u00e9 par Christian Mouza"},"content":{"rendered":"<h4>Souvenir d&rsquo;une belle journ\u00e9e de partage<\/h4>\n<p>En d\u00e9cembre dernier, petits et grands de tous horizons se retrouvaient sur le tatami de Parthenay pour pratiquer ensemble lors du stage interg\u00e9n\u00e9rations encadr\u00e9 par Christian Mouza.<\/p>\n<p>Souvenez-vous : cliquez <a href=\"http:\/\/www.aikido-de-la-gatine.fr\/?p=510\" target=\"_blank\" rel=\"noopener\">ici<\/a><\/p>\n<p>Voici une vid\u00e9o souvenir de l&rsquo;\u00e9v\u00e8nement&#8230;<\/p>\n<p><iframe loading=\"lazy\" src=\"https:\/\/www.youtube.com\/embed\/MDlzCkzfccU?rel=0\" width=\"560\" height=\"315\" frameborder=\"0\" allowfullscreen=\"allowfullscreen\"><\/iframe><\/p>\n<p>&nbsp;<\/p>\n","protected":false},"excerpt":{"rendered":"<p>Souvenir d&rsquo;une belle journ\u00e9e de partage En d\u00e9cembre dernier, petits et grands de tous horizons se retrouvaient sur le tatami de Parthenay pour pratiquer ensemble lors du stage interg\u00e9n\u00e9rations encadr\u00e9 par Christian Mouza. Souvenez-vous : cliquez ici Voici une vid\u00e9o souvenir de l&rsquo;\u00e9v\u00e8nement&#8230; &nbsp;<\/p>\n","protected":false},"author":1,"featured_media":0,"comment_status":"closed","ping_status":"closed","sticky":false,"template":"","format":"standard","meta":{"footnotes":""},"categories":[25,19],"tags":[],"class_list":["post-879","post","type-post","status-publish","format-standard","hentry","category-aikidojeunes","category-video"],"_links":{"self":[{"href":"http:\/\/www.aikido-de-la-gatine.fr\/index.php?rest_route=\/wp\/v2\/posts\/879"}],"collection":[{"href":"http:\/\/www.aikido-de-la-gatine.fr\/index.php?rest_route=\/wp\/v2\/posts"}],"about":[{"href":"http:\/\/www.aikido-de-la-gatine.fr\/index.php?rest_route=\/wp\/v2\/types\/post"}],"author":[{"embeddable":true,"href":"http:\/\/www.aikido-de-la-gatine.fr\/index.php?rest_route=\/wp\/v2\/users\/1"}],"replies":[{"embeddable":true,"href":"http:\/\/www.aikido-de-la-gatine.fr\/index.php?rest_route=%2Fwp%2Fv2%2Fcomments&post=879"}],"version-history":[{"count":4,"href":"http:\/\/www.aikido-de-la-gatine.fr\/index.php?rest_route=\/wp\/v2\/posts\/879\/revisions"}],"predecessor-version":[{"id":4084,"href":"http:\/\/www.aikido-de-la-gatine.fr\/index.php?rest_route=\/wp\/v2\/posts\/879\/revisions\/4084"}],"wp:attachment":[{"href":"http:\/\/www.aikido-de-la-gatine.fr\/index.php?rest_route=%2Fwp%2Fv2%2Fmedia&parent=879"}],"wp:term":[{"taxonomy":"category","embeddable":true,"href":"http:\/\/www.aikido-de-la-gatine.fr\/index.php?rest_route=%2Fwp%2Fv2%2Fcategories&post=879"},{"taxonomy":"post_tag","embeddable":true,"href":"http:\/\/www.aikido-de-la-gatine.fr\/index.php?rest_route=%2Fwp%2Fv2%2Ftags&post=879"}],"curies":[{"name":"wp","href":"https:\/\/api.w.org\/{rel}","templated":true}]}}